{"id":2188,"date":"2026-03-21T09:19:06","date_gmt":"2026-03-21T08:19:06","guid":{"rendered":"https:\/\/pawel.lublin.pl\/swpawel\/?p=2188"},"modified":"2026-03-21T09:19:06","modified_gmt":"2026-03-21T08:19:06","slug":"ogloszenia-parafialne-5","status":"publish","type":"post","link":"https:\/\/pawel.lublin.pl\/swpawel\/ogloszenia-parafialne-5\/","title":{"rendered":"Og\u0142oszenia parafialne"},"content":{"rendered":"\n<h5 class=\"wp-block-heading\">OG\u0141OSZENIA PARAFIALNE<\/h5>\n\n\n\n<p><strong>22 marca 2026<\/strong><\/p>\n\n\n\n<p><strong>V NIEDZIELA WIELKIEGO POSTU<\/strong><\/p>\n\n\n\n<ol class=\"wp-block-list\">\n<li>V Niedziela Wielkiego Postu po mszy wieczorowej nabo\u017ce\u0144stwo \u201eGorzkich \u017bali \u201e<\/li>\n\n\n\n<li>We wtorek msza wotywna do \u015bw. Antoniego o godz. 10.00.<\/li>\n\n\n\n<li>W \u015brod\u0119 Uroczysto\u015b\u0107 Zwiastowania Pa\u0144skiego msze o 7.00. i 18.30.zach\u0119camy do duchowej adopcji Dziecka Pocz\u0119tego ju\u017c dzi\u015b po mszy mo\u017cna wzi\u0105\u0107 z zakrystii deklaracje i przynie\u015b\u0107 j\u0105 w \u015brod\u0119 w Uroczysto\u015b\u0107 Zwiastowania Pa\u0144skiego \u00a0jako \u015awi\u0119to Patronalne \u017bycia .<\/li>\n\n\n\n<li>W czwartek rozpoczynamy nasze rekolekcje wielkopostne msze z naukami o 7.00, 8.30. i 18.30, potrwaj\u0105 3 dni przez cale rekolekcje przed mszami i w trakcie mo\u017cliwo\u015b\u0107 spowiedzi .Rekolekcje wyg\u0142osi ks. Andrzej Ficzuk student KUL .<\/li>\n\n\n\n<li>W pi\u0105tek o 18.00. nabo\u017ce\u0144stwo Drogi Krzy\u017cowej.<\/li>\n\n\n\n<li>Przysz\u0142a niedziela to Niedziela Palmowa rozpoczniemy ni\u0105 obch\u00f3d Wielkiego Tygodnia na mszach po\u015bwiecenie palm.<\/li>\n\n\n\n<li>\u00a0Mamy jeszcze Baranki na st\u00f3\u0142 wielkanocny \u2013 zapraszamy do zakrystii .<\/li>\n\n\n\n<li>Zmarli parafianie \u015bp. Zdzis\u0142aw Nied\u017awiadek .<\/li>\n<\/ol>\n","protected":false},"excerpt":{"rendered":"<p>OG\u0141OSZENIA PARAFIALNE 22 marca 2026 V NIEDZIELA WIELKIEGO POSTU<\/p>\n","protected":false},"author":1,"featured_media":0,"comment_status":"open","ping_status":"open","sticky":false,"template":"","format":"standard","meta":{"jetpack_post_was_ever_published":false,"_jetpack_newsletter_access":"","_jetpack_dont_email_post_to_subs":false,"_jetpack_newsletter_tier_id":0,"_jetpack_memberships_contains_paywalled_content":false,"_jetpack_memberships_contains_paid_content":false,"footnotes":"","jetpack_publicize_message":"","jetpack_publicize_feature_enabled":true,"jetpack_social_post_already_shared":true,"jetpack_social_options":{"image_generator_settings":{"template":"highway","default_image_id":0,"font":"","enabled":false},"version":2}},"categories":[1],"tags":[],"class_list":["post-2188","post","type-post","status-publish","format-standard","hentry","category-bez-kategori"],"jetpack_publicize_connections":[],"jetpack_featured_media_url":"","jetpack_sharing_enabled":true,"jetpack_shortlink":"https:\/\/wp.me\/pa9t0m-zi","_links":{"self":[{"href":"https:\/\/pawel.lublin.pl\/swpawel\/wp-json\/wp\/v2\/posts\/2188","targetHints":{"allow":["GET"]}}],"collection":[{"href":"https:\/\/pawel.lublin.pl\/swpawel\/wp-json\/wp\/v2\/posts"}],"about":[{"href":"https:\/\/pawel.lublin.pl\/swpawel\/wp-json\/wp\/v2\/types\/post"}],"author":[{"embeddable":true,"href":"https:\/\/pawel.lublin.pl\/swpawel\/wp-json\/wp\/v2\/users\/1"}],"replies":[{"embeddable":true,"href":"https:\/\/pawel.lublin.pl\/swpawel\/wp-json\/wp\/v2\/comments?post=2188"}],"version-history":[{"count":1,"href":"https:\/\/pawel.lublin.pl\/swpawel\/wp-json\/wp\/v2\/posts\/2188\/revisions"}],"predecessor-version":[{"id":2189,"href":"https:\/\/pawel.lublin.pl\/swpawel\/wp-json\/wp\/v2\/posts\/2188\/revisions\/2189"}],"wp:attachment":[{"href":"https:\/\/pawel.lublin.pl\/swpawel\/wp-json\/wp\/v2\/media?parent=2188"}],"wp:term":[{"taxonomy":"category","embeddable":true,"href":"https:\/\/pawel.lublin.pl\/swpawel\/wp-json\/wp\/v2\/categories?post=2188"},{"taxonomy":"post_tag","embeddable":true,"href":"https:\/\/pawel.lublin.pl\/swpawel\/wp-json\/wp\/v2\/tags?post=2188"}],"curies":[{"name":"wp","href":"https:\/\/api.w.org\/{rel}","templated":true}]}}